{"id":397,"date":"2025-01-07T11:30:42","date_gmt":"2025-01-07T11:30:42","guid":{"rendered":"https:\/\/kolam.ch\/aikikaiblog\/?p=397"},"modified":"2025-01-07T11:30:42","modified_gmt":"2025-01-07T11:30:42","slug":"rhythmus-in-der-bewegung","status":"publish","type":"post","link":"https:\/\/kolam.ch\/aikikaiblog\/2025\/01\/07\/rhythmus-in-der-bewegung\/","title":{"rendered":"Rhythmus in der Bewegung"},"content":{"rendered":"\n<p>In der Musik bezeichnet Rhythmus die zeitliche Gliederung von Klangereignissen (Wikipedia, Januar 2025). Im Aikido haben wir keine Bezeichnung f\u00fcr die zeitliche Gliederung von Bewegungs- oder Begegnungsereignissen. Wir lernen die Bewegungsabl\u00e4ufe, die wir mit der Zeit in einer rhythmisch sinnvollen Art in die Begegnung einbauen, unabh\u00e4ngig davon, ob wir gerade die Rolle des Uke oder die des Tori haben.<\/p>\n\n\n\n<p>Um den Fluss oder die Reihenfolge in den Bewegungsabl\u00e4ufen zu erhalten, nummerieren viele die Bewegungen oder machen Laut\u00e4usserungen, die an ein Metronom erinnern. Die Bewegungsabl\u00e4ufe werden so zwar fliessend, aber nur solange man allein \u00fcbt. Sobald man mit andern Aikidoka \u00fcbt, braucht es auch Rhythmus. Besonders am Anfang einer Begegnung ist es schwierig, die Rhythmen von Uke und Tori so zu koordinieren, dass beide \u00fcben k\u00f6nnen.<\/p>\n\n\n\n<p>Am Beispiel shomen uchi l\u00e4sst sich das gut zeigen. Tori offeriert den Kopf, was Uke dazu anregt, aufzuziehen und einen Schlag auf Toris Kopf zu lancieren. Je l\u00e4nger Uke aufzieht, desto mehr Zeit hat Tori den Kopf zu bewegen. Uke ist also daran interessiert, m\u00f6glichst schnell und unauff\u00e4llig aufzuziehen und sofort zu schlagen oder schneiden, so dass das Ziel m\u00f6glichst noch am selben Ort ist. F\u00fcr mich ist das Analog in der Musik der Auftakt (*). Basler Fasnachtsm\u00e4rsche beginnen oft mit einem Auftakt (z.B. Arabi, L\u00e4ggerli). F\u00fcr Aikidoka, die mit der Fasnacht nicht vertraut sind, gibt es auch Volkslieder (O Tannenbaum, Der Mond ist aufgegangen, Z\u2019 Basel a mim Rhy), die mit einem Auftakt anfangen. (*)Auftakt (aus Wikipedia, Januar 2025) steht in der Musik f\u00fcr den Anfang eines Musikst\u00fcckes, das nicht mit einem vollst\u00e4ndigen Takt beginnt (english: upbeat\/offbeat).<\/p>\n\n\n\n<div data-wp-interactive=\"\" class=\"wp-block-file\"><object data-wp-bind--hidden=\"!selectors.core.file.hasPdfPreview\" hidden class=\"wp-block-file__embed\" data=\"https:\/\/kolam.ch\/aikikaiblog\/wp-content\/uploads\/2025\/01\/Rhythmus-in-der-Bewegung.pdf\" type=\"application\/pdf\" style=\"width:100%;height:600px\" aria-label=\"Einbettung von Rhythmus-in-der-Bewegung.\"><\/object><a id=\"wp-block-file--media-177a8117-bc05-48ee-a15f-9cf394b7f618\" href=\"https:\/\/kolam.ch\/aikikaiblog\/wp-content\/uploads\/2025\/01\/Rhythmus-in-der-Bewegung.pdf\">Rhythmus-in-der-Bewegung<\/a><a href=\"https:\/\/kolam.ch\/aikikaiblog\/wp-content\/uploads\/2025\/01\/Rhythmus-in-der-Bewegung.pdf\" class=\"wp-block-file__button wp-element-button\" download aria-describedby=\"wp-block-file--media-177a8117-bc05-48ee-a15f-9cf394b7f618\">Herunterladen<\/a><\/div>\n","protected":false},"excerpt":{"rendered":"<p>In der Musik bezeichnet Rhythmus die zeitliche Gliederung von Klangereignissen (Wikipedia, Januar 2025). Im Aikido haben wir keine Bezeichnung f\u00fcr die zeitliche Gliederung von Bewegungs- oder Begegnungsereignissen. Wir lernen die Bewegungsabl\u00e4ufe, die wir mit der Zeit in einer rhythmisch sinnvollen Art in die Begegnung einbauen, unabh\u00e4ngig davon, ob wir gerade die Rolle des Uke oder&hellip;&nbsp;<a href=\"https:\/\/kolam.ch\/aikikaiblog\/2025\/01\/07\/rhythmus-in-der-bewegung\/\" class=\"\" rel=\"bookmark\">Weiterlesen &raquo;<span class=\"screen-reader-text\">Rhythmus in der Bewegung<\/span><\/a><\/p>\n","protected":false},"author":2,"featured_media":0,"comment_status":"open","ping_status":"open","sticky":false,"template":"","format":"standard","meta":{"neve_meta_sidebar":"","neve_meta_container":"","neve_meta_enable_content_width":"","neve_meta_content_width":0,"neve_meta_title_alignment":"","neve_meta_author_avatar":"","neve_post_elements_order":"","neve_meta_disable_header":"","neve_meta_disable_footer":"","neve_meta_disable_title":"","_themeisle_gutenberg_block_has_review":false,"footnotes":""},"categories":[1],"tags":[15],"_links":{"self":[{"href":"https:\/\/kolam.ch\/aikikaiblog\/wp-json\/wp\/v2\/posts\/397"}],"collection":[{"href":"https:\/\/kolam.ch\/aikikaiblog\/wp-json\/wp\/v2\/posts"}],"about":[{"href":"https:\/\/kolam.ch\/aikikaiblog\/wp-json\/wp\/v2\/types\/post"}],"author":[{"embeddable":true,"href":"https:\/\/kolam.ch\/aikikaiblog\/wp-json\/wp\/v2\/users\/2"}],"replies":[{"embeddable":true,"href":"https:\/\/kolam.ch\/aikikaiblog\/wp-json\/wp\/v2\/comments?post=397"}],"version-history":[{"count":1,"href":"https:\/\/kolam.ch\/aikikaiblog\/wp-json\/wp\/v2\/posts\/397\/revisions"}],"predecessor-version":[{"id":399,"href":"https:\/\/kolam.ch\/aikikaiblog\/wp-json\/wp\/v2\/posts\/397\/revisions\/399"}],"wp:attachment":[{"href":"https:\/\/kolam.ch\/aikikaiblog\/wp-json\/wp\/v2\/media?parent=397"}],"wp:term":[{"taxonomy":"category","embeddable":true,"href":"https:\/\/kolam.ch\/aikikaiblog\/wp-json\/wp\/v2\/categories?post=397"},{"taxonomy":"post_tag","embeddable":true,"href":"https:\/\/kolam.ch\/aikikaiblog\/wp-json\/wp\/v2\/tags?post=397"}],"curies":[{"name":"wp","href":"https:\/\/api.w.org\/{rel}","templated":true}]}}