{"id":67,"date":"2020-03-24T20:14:47","date_gmt":"2020-03-24T20:14:47","guid":{"rendered":"https:\/\/kolam.ch\/aikikaiblog\/?p=67"},"modified":"2020-03-25T09:52:14","modified_gmt":"2020-03-25T09:52:14","slug":"vortrag-von-tada-sensei-am-sommerstage-2012","status":"publish","type":"post","link":"https:\/\/kolam.ch\/aikikaiblog\/2020\/03\/24\/vortrag-von-tada-sensei-am-sommerstage-2012\/","title":{"rendered":"Vortrag von Tada Sensei am Sommerstage 2012"},"content":{"rendered":"\n<h2 class=\"wp-block-heading\">Budo: Kampf-Sport-Kunst <\/h2>\n\n\n\n<p><strong>Der Vortrag von Tada Sensei am Sommerstage 2012 <\/strong><br>(Zusammenfassung: Marianne Ostermayer) <\/p>\n\n\n\n<p>Am Sommerstage 2012 machte uns Tada Sensei einmal mehr klar, dass wir keine Zeit zu verlieren haben. Wir h\u00e4tten in den 45 Jahren seit er die schweizer Aikido-Praktizierenden beobachtet, weniger Fortschritte gemacht, als m\u00f6glich gewesen w\u00e4ren, weil wir Aikido als Sport oder als Selbstverteidigung verstehen und entsprechend unterrichten. Er sieht, dass wir nur Sportler oder K\u00e4mpfer ausbilden, die das Wesentliche des Aikido nicht verstehen. Dass Sport und Kampf nicht das Gleiche sind wie Budo-K\u00fcnste, erl\u00e4uterte Tada Sensei an der Tatsache, dass in Japan seit April das Fach \u201eBudo\u201c wieder Pflichtfach an den Schulen wurde, nachdem es nach dem Krieg von der Besatzungsmacht USA verboten wurde und die Ausbildungsst\u00e4tten f\u00fcr Lehrer des Fachs Budo aufgel\u00f6st wurden. Nun haben die japanischen Schulen einen Lehrermangel im Fach Budo, den sie unter anderem mit einer Zeitschrift zu beheben versuchen. F\u00fcr diese Zeitschrift schreibt Tada Sensei Artikel \u00fcber die Geschichte und Entwicklung des Aikido. <\/p>\n\n\n\n<p>Tada Sensei lernte mehrere Kampfk\u00fcnste und erlebte deshalb auch viele Meister, aber ausser O-Sensei waren alle \u201eSportler\u201c. Nur O-Sensei war Kampfk\u00fcnstler und Yogi und lehrte mehr als Sport. Damit man bei ihm lernen durfte, musste man sich qualifizieren und Empfehlungen von zwei Leuten haben. Auch f\u00fcr Samurai gab es strenge Privatschulen, an denen sie auf ihre Aufgaben in Politik und Verwaltung vorbereitet wurden. An diesen Schulen lernte man zum Beispiel das Befolgen, bzw. Vermeiden der 12 guten und 12 schlechten Angewohnheiten, die im 16 Jh. von Schwertmeister Kamiizumi Isenokami zusammengestellt wurden und seither \u00fcberliefert werden. <\/p>\n\n\n\n<p>Tada Sensei unterscheidet mehrere Entwicklungsstufen: 1 Reihenfolge, 2 Pr\u00e4zision und Nobi, 3 Assimilation, 4 Noru (einsteigen, reisen), 5 Inspiration (oberste Stufe). <\/p>\n\n\n\n<p>Reihenfolge <br>Tada Sensei erz\u00e4hlte, dass er 14 Jahre lang bei O-Sensei im Training war. Etwas vom Wichtigsten war, die F\u00e4higkeit zu entwickeln, die Reihenfolge schnell zu lernen, denn OSensei zeigte viel nur einmal. Damit man etwas \u201asofort\u2018 lernen kann, muss man das Gef\u00fchl erfassen und danach \u00fcben, bis die einzelnen Elemente ein Ganzes werden. Es gibt auch unsichtbare Dinge, die man lernen muss. Die Ecken der Bewegung m\u00fcssen rund werden. Das alles geh\u00f6rt zur ersten Stufe \u201aReihenfolge\u2018. <\/p>\n\n\n\n<p>Nobi <br>Die zweite Stufe nennt Tada Sensei \u201aNobi\u2018. Er \u00fcbersetzte Nobi mit <br>\u00b7 Ausdehnen, <br>\u00b7 keine L\u00fccke entstehen lassen, <br>\u00b7 Kontinuit\u00e4t. <br>Nobi ist unabh\u00e4ngig von der Geschwindigkeit. <\/p>\n\n\n\n<p>Assimilation <br>Die dritte Stufe ist die Assimilation. Dazu zitierte er Nakamura Tempu Sensei, der empfahl, man solle sich keine vorgefassten Bilder machen, sondern Assimilation \u00fcben. Unterdessen sagt man dem auch \u201aMental Skill Training\u2018 (Training der mentalen F\u00e4higkeiten). Man braucht dazu drei Methoden, die Selbstsuggestion, die Kontrolle des Nervensystems und die Analyse. <\/p>\n\n\n\n<p>Noru und Inspiration <br>Diese Stufen entsprechen dem Samadi (Sanskrit f\u00fcr geistige Ruhe). Der Zustand der geistigen Ruhe war der ideale Zustand der Samurai, weil sie unter Lebensbedrohung lebten. <\/p>\n\n\n\n<p>Die Entwicklungsstufen 1-5 soll man sich nicht schwierig vorstellen. Das eigene Unterbewusstsein repr\u00e4sentiert das Universum. Wenn das Bewusstsein abwesend ist, begreift man, dass man Teil des Universums ist. Aikido entwickelt den nicht bewussten Teil in uns und steigert so unsere Lebenskraft. Nur wenige entwickeln sich bis zur Erleuchtung so wie Gautama Buddha. <\/p>\n\n\n\n<p>Unsere schlechten Angewohnheiten halten uns in den unteren Stufen gefangen. Assimilation heisst Konfrontation und Sorgen \u00fcberwinden. Im Budo ist es schwierig, einen physikalisch existierenden Feind im Geist nicht entstehen zu lassen. Schafft man das, wird man stark. Das gilt nicht nur f\u00fcr Feinde, sondern auch f\u00fcr Krankheiten. <\/p>\n","protected":false},"excerpt":{"rendered":"<p>Budo: Kampf-Sport-Kunst Der Vortrag von Tada Sensei am Sommerstage 2012 (Zusammenfassung: Marianne Ostermayer) Am Sommerstage 2012 machte uns Tada Sensei einmal mehr klar, dass wir keine Zeit zu verlieren haben. Wir h\u00e4tten in den 45 Jahren seit er die schweizer Aikido-Praktizierenden beobachtet, weniger Fortschritte gemacht, als m\u00f6glich gewesen w\u00e4ren, weil wir Aikido als Sport oder&hellip;&nbsp;<a href=\"https:\/\/kolam.ch\/aikikaiblog\/2020\/03\/24\/vortrag-von-tada-sensei-am-sommerstage-2012\/\" class=\"\" rel=\"bookmark\">Weiterlesen &raquo;<span class=\"screen-reader-text\">Vortrag von Tada Sensei am Sommerstage 2012<\/span><\/a><\/p>\n","protected":false},"author":2,"featured_media":0,"comment_status":"open","ping_status":"open","sticky":false,"template":"","format":"standard","meta":{"neve_meta_sidebar":"","neve_meta_container":"","neve_meta_enable_content_width":"off","neve_meta_content_width":0,"neve_meta_title_alignment":"","neve_meta_author_avatar":"","neve_post_elements_order":"","neve_meta_disable_header":"","neve_meta_disable_footer":"","neve_meta_disable_title":"","_themeisle_gutenberg_block_has_review":false,"footnotes":""},"categories":[5],"tags":[8],"_links":{"self":[{"href":"https:\/\/kolam.ch\/aikikaiblog\/wp-json\/wp\/v2\/posts\/67"}],"collection":[{"href":"https:\/\/kolam.ch\/aikikaiblog\/wp-json\/wp\/v2\/posts"}],"about":[{"href":"https:\/\/kolam.ch\/aikikaiblog\/wp-json\/wp\/v2\/types\/post"}],"author":[{"embeddable":true,"href":"https:\/\/kolam.ch\/aikikaiblog\/wp-json\/wp\/v2\/users\/2"}],"replies":[{"embeddable":true,"href":"https:\/\/kolam.ch\/aikikaiblog\/wp-json\/wp\/v2\/comments?post=67"}],"version-history":[{"count":1,"href":"https:\/\/kolam.ch\/aikikaiblog\/wp-json\/wp\/v2\/posts\/67\/revisions"}],"predecessor-version":[{"id":68,"href":"https:\/\/kolam.ch\/aikikaiblog\/wp-json\/wp\/v2\/posts\/67\/revisions\/68"}],"wp:attachment":[{"href":"https:\/\/kolam.ch\/aikikaiblog\/wp-json\/wp\/v2\/media?parent=67"}],"wp:term":[{"taxonomy":"category","embeddable":true,"href":"https:\/\/kolam.ch\/aikikaiblog\/wp-json\/wp\/v2\/categories?post=67"},{"taxonomy":"post_tag","embeddable":true,"href":"https:\/\/kolam.ch\/aikikaiblog\/wp-json\/wp\/v2\/tags?post=67"}],"curies":[{"name":"wp","href":"https:\/\/api.w.org\/{rel}","templated":true}]}}